{"id":3539,"date":"2023-10-23T19:31:19","date_gmt":"2023-10-23T17:31:19","guid":{"rendered":"https:\/\/acvb18.com\/?p=3539"},"modified":"2023-10-23T19:32:46","modified_gmt":"2023-10-23T17:32:46","slug":"un-week-end-sportif","status":"publish","type":"post","link":"https:\/\/acvb18.com\/index.php\/2023\/10\/23\/un-week-end-sportif\/","title":{"rendered":"Un week-end sportif"},"content":{"rendered":"\n<h3 class=\"wp-block-heading\">Vendredi,<\/h3>\n\n\n\n<p>3 trailers ont particip\u00e9 au Festival des templiers \u00e0 Millau: Fabrice et Mathieu sur l&rsquo; \u00ab\u00a0Endurance Trail\u00a0\u00bb (104kms 4550D+), Philippe sur \u00ab\u00a0Int\u00e9grale des Causses\u00a0\u00bb (66kms 2860D+). Ils sont tous les trois FINISHERS et heureux.<\/p>\n\n\n\n<figure class=\"wp-block-image size-large is-resized\"><img loading=\"lazy\" decoding=\"async\" src=\"https:\/\/acvb18.com\/wp-content\/uploads\/2023\/10\/1698076656725-1024x1024.png\" alt=\"\" class=\"wp-image-3540\" width=\"571\" height=\"571\" srcset=\"https:\/\/acvb18.com\/wp-content\/uploads\/2023\/10\/1698076656725-1024x1024.png 1024w, https:\/\/acvb18.com\/wp-content\/uploads\/2023\/10\/1698076656725-300x300.png 300w, https:\/\/acvb18.com\/wp-content\/uploads\/2023\/10\/1698076656725-150x150.png 150w, https:\/\/acvb18.com\/wp-content\/uploads\/2023\/10\/1698076656725-768x768.png 768w, https:\/\/acvb18.com\/wp-content\/uploads\/2023\/10\/1698076656725-624x624.png 624w, https:\/\/acvb18.com\/wp-content\/uploads\/2023\/10\/1698076656725.png 1280w\" sizes=\"auto, (max-width: 571px) 100vw, 571px\" \/><\/figure>\n\n\n\n<p>Photos r\u00e9cup\u00e9r\u00e9es des webcams dispos\u00e9es tout au long du parcours<\/p>\n\n\n\n<h3 class=\"wp-block-heading\">Samedi,<\/h3>\n\n\n\n<p>Plus pr\u00e9s de chez nous, des athl\u00e8tes de l&rsquo; ACVB participaient au Vetathlon de Vignoux-sur-Barangeon organis\u00e9 par \u00ab\u00a0Vignoux V\u00e9lo Vert\u00a0\u00bb.  (6 Kms en course \u00e0 pieds et 15 kms en VTT)<\/p>\n\n\n\n<figure class=\"wp-block-image size-large is-resized\"><img loading=\"lazy\" decoding=\"async\" src=\"https:\/\/acvb18.com\/wp-content\/uploads\/2023\/10\/1698076616018-1024x1024.png\" alt=\"\" class=\"wp-image-3541\" width=\"577\" height=\"577\" srcset=\"https:\/\/acvb18.com\/wp-content\/uploads\/2023\/10\/1698076616018-1024x1024.png 1024w, https:\/\/acvb18.com\/wp-content\/uploads\/2023\/10\/1698076616018-300x300.png 300w, https:\/\/acvb18.com\/wp-content\/uploads\/2023\/10\/1698076616018-150x150.png 150w, https:\/\/acvb18.com\/wp-content\/uploads\/2023\/10\/1698076616018-768x768.png 768w, https:\/\/acvb18.com\/wp-content\/uploads\/2023\/10\/1698076616018-624x624.png 624w, https:\/\/acvb18.com\/wp-content\/uploads\/2023\/10\/1698076616018.png 1280w\" sizes=\"auto, (max-width: 577px) 100vw, 577px\" \/><figcaption class=\"wp-element-caption\">Francis, Franck, Guy, Gwena\u00ebl au d\u00e9part et dans le sous-bois.<\/figcaption><\/figure>\n\n\n\n<figure class=\"wp-block-image size-large is-resized\"><img loading=\"lazy\" decoding=\"async\" src=\"https:\/\/acvb18.com\/wp-content\/uploads\/2023\/10\/1698077090611-1024x1024.png\" alt=\"\" class=\"wp-image-3542\" width=\"579\" height=\"579\" srcset=\"https:\/\/acvb18.com\/wp-content\/uploads\/2023\/10\/1698077090611-1024x1024.png 1024w, https:\/\/acvb18.com\/wp-content\/uploads\/2023\/10\/1698077090611-300x300.png 300w, https:\/\/acvb18.com\/wp-content\/uploads\/2023\/10\/1698077090611-150x150.png 150w, https:\/\/acvb18.com\/wp-content\/uploads\/2023\/10\/1698077090611-768x768.png 768w, https:\/\/acvb18.com\/wp-content\/uploads\/2023\/10\/1698077090611-624x624.png 624w, https:\/\/acvb18.com\/wp-content\/uploads\/2023\/10\/1698077090611.png 1280w\" sizes=\"auto, (max-width: 579px) 100vw, 579px\" \/><figcaption class=\"wp-element-caption\">Les V\u00e9t\u00e9tistes Magali, Laurent de la marche nordique (initiateurs de cette sortie) et Franck, Gwena\u00ebl <br>qui l&rsquo;ont jou\u00e9 en solos.<\/figcaption><\/figure>\n\n\n\n<h3 class=\"wp-block-heading\">Dimanche,<\/h3>\n\n\n\n<p>Eric participait au championnat de France de 5 kms \u00e0 Saint-Omer dans le Pas-de-Calais sous un temps magnifique et \u00e9galement dans un temps excellent.<\/p>\n\n\n\n<figure class=\"wp-block-image size-large is-resized\"><img loading=\"lazy\" decoding=\"async\" src=\"https:\/\/acvb18.com\/wp-content\/uploads\/2023\/10\/1698080361202-1024x1024.jpg\" alt=\"\" class=\"wp-image-3547\" width=\"579\" height=\"579\" srcset=\"https:\/\/acvb18.com\/wp-content\/uploads\/2023\/10\/1698080361202-1024x1024.jpg 1024w, https:\/\/acvb18.com\/wp-content\/uploads\/2023\/10\/1698080361202-300x300.jpg 300w, https:\/\/acvb18.com\/wp-content\/uploads\/2023\/10\/1698080361202-150x150.jpg 150w, https:\/\/acvb18.com\/wp-content\/uploads\/2023\/10\/1698080361202-768x768.jpg 768w, https:\/\/acvb18.com\/wp-content\/uploads\/2023\/10\/1698080361202-1536x1536.jpg 1536w, https:\/\/acvb18.com\/wp-content\/uploads\/2023\/10\/1698080361202-624x624.jpg 624w, https:\/\/acvb18.com\/wp-content\/uploads\/2023\/10\/1698080361202.jpg 2048w\" sizes=\"auto, (max-width: 579px) 100vw, 579px\" \/><figcaption class=\"wp-element-caption\">Voici le temps<\/figcaption><\/figure>\n\n\n\n<p><\/p>\n\n\n\n<p>La section marche nordique a \u00e9galement r\u00e9alis\u00e9 un week-end sportif lors d&rsquo;une randonn\u00e9e organis\u00e9e dans la for\u00eat d&rsquo;Allogny. <\/p>\n\n\n\n<figure class=\"wp-block-image size-large is-resized\"><img loading=\"lazy\" decoding=\"async\" src=\"https:\/\/acvb18.com\/wp-content\/uploads\/2023\/10\/1698080415757-1024x498.jpg\" alt=\"\" class=\"wp-image-3550\" width=\"576\" height=\"280\" srcset=\"https:\/\/acvb18.com\/wp-content\/uploads\/2023\/10\/1698080415757-1024x498.jpg 1024w, https:\/\/acvb18.com\/wp-content\/uploads\/2023\/10\/1698080415757-300x146.jpg 300w, https:\/\/acvb18.com\/wp-content\/uploads\/2023\/10\/1698080415757-768x373.jpg 768w, https:\/\/acvb18.com\/wp-content\/uploads\/2023\/10\/1698080415757-1536x746.jpg 1536w, https:\/\/acvb18.com\/wp-content\/uploads\/2023\/10\/1698080415757-624x303.jpg 624w, https:\/\/acvb18.com\/wp-content\/uploads\/2023\/10\/1698080415757.jpg 2048w\" sizes=\"auto, (max-width: 576px) 100vw, 576px\" \/><\/figure>\n","protected":false},"excerpt":{"rendered":"<p>Vendredi, 3 trailers ont particip\u00e9 au Festival des templiers \u00e0 Millau: Fabrice et Mathieu sur l&rsquo; \u00ab\u00a0Endurance Trail\u00a0\u00bb (104kms 4550D+), Philippe sur \u00ab\u00a0Int\u00e9grale des Causses\u00a0\u00bb (66kms 2860D+). Ils sont tous les trois FINISHERS et heureux. Photos r\u00e9cup\u00e9r\u00e9es des webcams dispos\u00e9es tout au long du parcours Samedi, Plus pr\u00e9s de chez nous, des athl\u00e8tes de l&rsquo; [&hellip;]<\/p>\n","protected":false},"author":1,"featured_media":0,"comment_status":"open","ping_status":"open","sticky":false,"template":"","format":"standard","meta":{"ngg_post_thumbnail":0,"footnotes":""},"categories":[1],"tags":[],"class_list":["post-3539","post","type-post","status-publish","format-standard","hentry","category-non-classe"],"_links":{"self":[{"href":"https:\/\/acvb18.com\/index.php\/wp-json\/wp\/v2\/posts\/3539","targetHints":{"allow":["GET"]}}],"collection":[{"href":"https:\/\/acvb18.com\/index.php\/wp-json\/wp\/v2\/posts"}],"about":[{"href":"https:\/\/acvb18.com\/index.php\/wp-json\/wp\/v2\/types\/post"}],"author":[{"embeddable":true,"href":"https:\/\/acvb18.com\/index.php\/wp-json\/wp\/v2\/users\/1"}],"replies":[{"embeddable":true,"href":"https:\/\/acvb18.com\/index.php\/wp-json\/wp\/v2\/comments?post=3539"}],"version-history":[{"count":10,"href":"https:\/\/acvb18.com\/index.php\/wp-json\/wp\/v2\/posts\/3539\/revisions"}],"predecessor-version":[{"id":3554,"href":"https:\/\/acvb18.com\/index.php\/wp-json\/wp\/v2\/posts\/3539\/revisions\/3554"}],"wp:attachment":[{"href":"https:\/\/acvb18.com\/index.php\/wp-json\/wp\/v2\/media?parent=3539"}],"wp:term":[{"taxonomy":"category","embeddable":true,"href":"https:\/\/acvb18.com\/index.php\/wp-json\/wp\/v2\/categories?post=3539"},{"taxonomy":"post_tag","embeddable":true,"href":"https:\/\/acvb18.com\/index.php\/wp-json\/wp\/v2\/tags?post=3539"}],"curies":[{"name":"wp","href":"https:\/\/api.w.org\/{rel}","templated":true}]}}