{"id":707,"date":"2019-04-07T17:44:45","date_gmt":"2019-04-07T15:44:45","guid":{"rendered":"http:\/\/acvb18.com\/?p=707"},"modified":"2019-04-07T17:55:57","modified_gmt":"2019-04-07T15:55:57","slug":"les-traileurs-a-menetou-salon","status":"publish","type":"post","link":"https:\/\/acvb18.com\/index.php\/2019\/04\/07\/les-traileurs-a-menetou-salon\/","title":{"rendered":"Les traileurs \u00e0 Menetou Salon"},"content":{"rendered":"\n<p style=\"text-align:left\"> C&rsquo;est \u00e0 Menetou salon ce dimanche matin que les traileurs de l&rsquo;ACVB ont d\u00e9cid\u00e9 de poursuivre leur pr\u00e9paration pour l&rsquo;ard\u00e9chois. Une belle balade sur la communaut\u00e9 de communes des Terres du Haut Berry  que je vous invite \u00e0 revivre en cliquant sur le lien suivant:  <strong><a href=\"https:\/\/www.relive.cc\/view\/g32687770092\" target=\"_blank\" rel=\"noreferrer noopener\" aria-label=\" (s\u2019ouvre dans un nouvel onglet)\">https:\/\/www.relive.cc\/view\/g32687770092<\/a><\/strong><\/p>\n\n\n\n<div class=\"wp-block-image\"><figure class=\"alignleft is-resized\"><img loading=\"lazy\" decoding=\"async\" src=\"http:\/\/acvb18.com\/wp-content\/uploads\/2019\/04\/20190407_073751bis-1024x815.jpg\" alt=\"\" class=\"wp-image-700\" width=\"355\" height=\"280\"\/><\/figure><\/div>\n\n\n\n<div class=\"wp-block-image\"><figure class=\"alignright is-resized\"><img loading=\"lazy\" decoding=\"async\" src=\"http:\/\/acvb18.com\/wp-content\/uploads\/2019\/04\/Screenshot_20190407-134043-1-576x1024.png\" alt=\"\" class=\"wp-image-701\" width=\"211\" height=\"375\" srcset=\"https:\/\/acvb18.com\/wp-content\/uploads\/2019\/04\/Screenshot_20190407-134043-1-576x1024.png 576w, https:\/\/acvb18.com\/wp-content\/uploads\/2019\/04\/Screenshot_20190407-134043-1-169x300.png 169w, https:\/\/acvb18.com\/wp-content\/uploads\/2019\/04\/Screenshot_20190407-134043-1-624x1109.png 624w, https:\/\/acvb18.com\/wp-content\/uploads\/2019\/04\/Screenshot_20190407-134043-1.png 720w\" sizes=\"auto, (max-width: 211px) 100vw, 211px\" \/><\/figure><\/div>\n","protected":false},"excerpt":{"rendered":"<p>C&rsquo;est \u00e0 Menetou salon ce dimanche matin que les traileurs de l&rsquo;ACVB ont d\u00e9cid\u00e9 de poursuivre leur pr\u00e9paration pour l&rsquo;ard\u00e9chois. Une belle balade sur la communaut\u00e9 de communes des Terres du Haut Berry que je vous invite \u00e0 revivre en cliquant sur le lien suivant: https:\/\/www.relive.cc\/view\/g32687770092<\/p>\n","protected":false},"author":4,"featured_media":0,"comment_status":"open","ping_status":"open","sticky":false,"template":"","format":"standard","meta":{"ngg_post_thumbnail":0,"footnotes":""},"categories":[1],"tags":[],"class_list":["post-707","post","type-post","status-publish","format-standard","hentry","category-non-classe"],"_links":{"self":[{"href":"https:\/\/acvb18.com\/index.php\/wp-json\/wp\/v2\/posts\/707","targetHints":{"allow":["GET"]}}],"collection":[{"href":"https:\/\/acvb18.com\/index.php\/wp-json\/wp\/v2\/posts"}],"about":[{"href":"https:\/\/acvb18.com\/index.php\/wp-json\/wp\/v2\/types\/post"}],"author":[{"embeddable":true,"href":"https:\/\/acvb18.com\/index.php\/wp-json\/wp\/v2\/users\/4"}],"replies":[{"embeddable":true,"href":"https:\/\/acvb18.com\/index.php\/wp-json\/wp\/v2\/comments?post=707"}],"version-history":[{"count":4,"href":"https:\/\/acvb18.com\/index.php\/wp-json\/wp\/v2\/posts\/707\/revisions"}],"predecessor-version":[{"id":711,"href":"https:\/\/acvb18.com\/index.php\/wp-json\/wp\/v2\/posts\/707\/revisions\/711"}],"wp:attachment":[{"href":"https:\/\/acvb18.com\/index.php\/wp-json\/wp\/v2\/media?parent=707"}],"wp:term":[{"taxonomy":"category","embeddable":true,"href":"https:\/\/acvb18.com\/index.php\/wp-json\/wp\/v2\/categories?post=707"},{"taxonomy":"post_tag","embeddable":true,"href":"https:\/\/acvb18.com\/index.php\/wp-json\/wp\/v2\/tags?post=707"}],"curies":[{"name":"wp","href":"https:\/\/api.w.org\/{rel}","templated":true}]}}