{"id":737,"date":"2019-04-22T19:36:37","date_gmt":"2019-04-22T17:36:37","guid":{"rendered":"http:\/\/acvb18.com\/?p=737"},"modified":"2019-04-22T19:36:37","modified_gmt":"2019-04-22T17:36:37","slug":"des-bornes-autour-de-la-borne","status":"publish","type":"post","link":"https:\/\/acvb18.com\/index.php\/2019\/04\/22\/des-bornes-autour-de-la-borne\/","title":{"rendered":"Des bornes autour de La Borne"},"content":{"rendered":"\n<p>Connaissiez-vous le marathon de La Borne et bien les traileurs de l&rsquo;ACVB viennent de le faire ce matin pour leur derni\u00e8re sortie longue en pr\u00e9paration du trail Ard\u00e9chois qui aura lieu le 4 Mai prochain. Dommage qu&rsquo;en ce lundi de P\u00e2ques il n&rsquo;y avait m\u00eame pas de m\u00e9daille \u00ab\u00a0en chocolat\u00a0\u00bb<\/p>\n\n\n\n<figure class=\"wp-block-embed is-type-video is-provider-relive\"><div class=\"wp-block-embed__wrapper\">\n<iframe loading=\"lazy\" class=\"wp-embedded-content\" sandbox=\"allow-scripts\" security=\"restricted\" title=\"Relive Des bornes autour de La Borne\" src=\"https:\/\/www.relive.cc\/view\/g33385950973\/widget?r=oembed#?secret=AnBYJdXxTF\" data-secret=\"AnBYJdXxTF\" width=\"625\" height=\"489.0625\" scrolling=\"no\" frameborder=\"0\"><\/iframe>\n<\/div><\/figure>\n\n\n\n<div class=\"wp-block-image\"><figure class=\"aligncenter is-resized\"><img loading=\"lazy\" decoding=\"async\" src=\"https:\/\/acvb18.com\/wp-content\/uploads\/2019\/04\/IMG_39961-1024x768.jpg\" alt=\"\" class=\"wp-image-738\" width=\"523\" height=\"391\" srcset=\"https:\/\/acvb18.com\/wp-content\/uploads\/2019\/04\/IMG_39961-1024x768.jpg 1024w, https:\/\/acvb18.com\/wp-content\/uploads\/2019\/04\/IMG_39961-300x225.jpg 300w, https:\/\/acvb18.com\/wp-content\/uploads\/2019\/04\/IMG_39961-768x576.jpg 768w, https:\/\/acvb18.com\/wp-content\/uploads\/2019\/04\/IMG_39961-624x468.jpg 624w, https:\/\/acvb18.com\/wp-content\/uploads\/2019\/04\/IMG_39961.jpg 2048w\" sizes=\"auto, (max-width: 523px) 100vw, 523px\" \/><\/figure><\/div>\n","protected":false},"excerpt":{"rendered":"<p>Connaissiez-vous le marathon de La Borne et bien les traileurs de l&rsquo;ACVB viennent de le faire ce matin pour leur derni\u00e8re sortie longue en pr\u00e9paration du trail Ard\u00e9chois qui aura lieu le 4 Mai prochain. Dommage qu&rsquo;en ce lundi de P\u00e2ques il n&rsquo;y avait m\u00eame pas de m\u00e9daille \u00ab\u00a0en chocolat\u00a0\u00bb<\/p>\n","protected":false},"author":4,"featured_media":0,"comment_status":"open","ping_status":"open","sticky":false,"template":"","format":"standard","meta":{"ngg_post_thumbnail":0,"footnotes":""},"categories":[1],"tags":[],"class_list":["post-737","post","type-post","status-publish","format-standard","hentry","category-non-classe"],"_links":{"self":[{"href":"https:\/\/acvb18.com\/index.php\/wp-json\/wp\/v2\/posts\/737","targetHints":{"allow":["GET"]}}],"collection":[{"href":"https:\/\/acvb18.com\/index.php\/wp-json\/wp\/v2\/posts"}],"about":[{"href":"https:\/\/acvb18.com\/index.php\/wp-json\/wp\/v2\/types\/post"}],"author":[{"embeddable":true,"href":"https:\/\/acvb18.com\/index.php\/wp-json\/wp\/v2\/users\/4"}],"replies":[{"embeddable":true,"href":"https:\/\/acvb18.com\/index.php\/wp-json\/wp\/v2\/comments?post=737"}],"version-history":[{"count":1,"href":"https:\/\/acvb18.com\/index.php\/wp-json\/wp\/v2\/posts\/737\/revisions"}],"predecessor-version":[{"id":739,"href":"https:\/\/acvb18.com\/index.php\/wp-json\/wp\/v2\/posts\/737\/revisions\/739"}],"wp:attachment":[{"href":"https:\/\/acvb18.com\/index.php\/wp-json\/wp\/v2\/media?parent=737"}],"wp:term":[{"taxonomy":"category","embeddable":true,"href":"https:\/\/acvb18.com\/index.php\/wp-json\/wp\/v2\/categories?post=737"},{"taxonomy":"post_tag","embeddable":true,"href":"https:\/\/acvb18.com\/index.php\/wp-json\/wp\/v2\/tags?post=737"}],"curies":[{"name":"wp","href":"https:\/\/api.w.org\/{rel}","templated":true}]}}