{"id":740,"date":"2019-04-29T10:14:46","date_gmt":"2019-04-29T08:14:46","guid":{"rendered":"http:\/\/acvb18.com\/?p=740"},"modified":"2019-04-29T10:14:46","modified_gmt":"2019-04-29T08:14:46","slug":"trail-de-la-sioule-a-ebreuil","status":"publish","type":"post","link":"https:\/\/acvb18.com\/index.php\/2019\/04\/29\/trail-de-la-sioule-a-ebreuil\/","title":{"rendered":"Trail de la Sioule \u00e0 Ebreuil"},"content":{"rendered":"\n<p>Deux traileurs \u00e9taient de sortie ce week-end \u00e0 Ebreuil, magnifique village au bord de la Sioule. <\/p>\n\n\n\n<figure class=\"wp-block-image\"><img loading=\"lazy\" decoding=\"async\" width=\"1024\" height=\"684\" src=\"http:\/\/acvb18.com\/wp-content\/uploads\/2019\/04\/DSC_0676-1024x684.jpg\" alt=\"\" class=\"wp-image-741\" srcset=\"https:\/\/acvb18.com\/wp-content\/uploads\/2019\/04\/DSC_0676-1024x684.jpg 1024w, https:\/\/acvb18.com\/wp-content\/uploads\/2019\/04\/DSC_0676-300x201.jpg 300w, https:\/\/acvb18.com\/wp-content\/uploads\/2019\/04\/DSC_0676-768x513.jpg 768w, https:\/\/acvb18.com\/wp-content\/uploads\/2019\/04\/DSC_0676-624x417.jpg 624w\" sizes=\"auto, (max-width: 1024px) 100vw, 1024px\" \/><figcaption>Petit aper\u00e7u en 2014<br><\/figcaption><\/figure>\n\n\n\n<p>Ce week-end , le temps \u00e9tait maussade (rien \u00e0 voir avec la photo ci-dessus!!!) Arnaud a couru le 42 km.  Voici son parcours:<br><a href=\"https:\/\/www.relive.cc\/view\/g33667536810\">https:\/\/www.relive.cc\/view\/<\/a><a href=\"https:\/\/www.relive.cc\/view\/g33667536810\" target=\"_blank\" rel=\"noreferrer noopener\" aria-label=\"g33667536810 (s\u2019ouvre dans un nouvel onglet)\">g33667536810<\/a><br>Guy a couru le 10km. <\/p>\n\n\n\n<figure class=\"wp-block-image is-resized\"><img loading=\"lazy\" decoding=\"async\" src=\"http:\/\/acvb18.com\/wp-content\/uploads\/2019\/04\/Resized_20190428_112057_7481-768x1024.jpg\" alt=\"\" class=\"wp-image-742\" width=\"384\" height=\"512\" srcset=\"https:\/\/acvb18.com\/wp-content\/uploads\/2019\/04\/Resized_20190428_112057_7481-768x1024.jpg 768w, https:\/\/acvb18.com\/wp-content\/uploads\/2019\/04\/Resized_20190428_112057_7481-225x300.jpg 225w, https:\/\/acvb18.com\/wp-content\/uploads\/2019\/04\/Resized_20190428_112057_7481-624x832.jpg 624w, https:\/\/acvb18.com\/wp-content\/uploads\/2019\/04\/Resized_20190428_112057_7481.jpg 1080w\" sizes=\"auto, (max-width: 384px) 100vw, 384px\" \/><figcaption>Travers\u00e9e de la Sioule sur un pont de cano\u00eb<\/figcaption><\/figure>\n\n\n\n<p><\/p>\n","protected":false},"excerpt":{"rendered":"<p>Deux traileurs \u00e9taient de sortie ce week-end \u00e0 Ebreuil, magnifique village au bord de la Sioule. Ce week-end , le temps \u00e9tait maussade (rien \u00e0 voir avec la photo ci-dessus!!!) Arnaud a couru le 42 km. Voici son parcours:https:\/\/www.relive.cc\/view\/g33667536810Guy a couru le 10km.<\/p>\n","protected":false},"author":1,"featured_media":0,"comment_status":"open","ping_status":"open","sticky":false,"template":"","format":"standard","meta":{"ngg_post_thumbnail":0,"footnotes":""},"categories":[5],"tags":[],"class_list":["post-740","post","type-post","status-publish","format-standard","hentry","category-infos"],"_links":{"self":[{"href":"https:\/\/acvb18.com\/index.php\/wp-json\/wp\/v2\/posts\/740","targetHints":{"allow":["GET"]}}],"collection":[{"href":"https:\/\/acvb18.com\/index.php\/wp-json\/wp\/v2\/posts"}],"about":[{"href":"https:\/\/acvb18.com\/index.php\/wp-json\/wp\/v2\/types\/post"}],"author":[{"embeddable":true,"href":"https:\/\/acvb18.com\/index.php\/wp-json\/wp\/v2\/users\/1"}],"replies":[{"embeddable":true,"href":"https:\/\/acvb18.com\/index.php\/wp-json\/wp\/v2\/comments?post=740"}],"version-history":[{"count":1,"href":"https:\/\/acvb18.com\/index.php\/wp-json\/wp\/v2\/posts\/740\/revisions"}],"predecessor-version":[{"id":743,"href":"https:\/\/acvb18.com\/index.php\/wp-json\/wp\/v2\/posts\/740\/revisions\/743"}],"wp:attachment":[{"href":"https:\/\/acvb18.com\/index.php\/wp-json\/wp\/v2\/media?parent=740"}],"wp:term":[{"taxonomy":"category","embeddable":true,"href":"https:\/\/acvb18.com\/index.php\/wp-json\/wp\/v2\/categories?post=740"},{"taxonomy":"post_tag","embeddable":true,"href":"https:\/\/acvb18.com\/index.php\/wp-json\/wp\/v2\/tags?post=740"}],"curies":[{"name":"wp","href":"https:\/\/api.w.org\/{rel}","templated":true}]}}